{"id":8355,"date":"2026-03-12T06:47:26","date_gmt":"2026-03-12T06:47:26","guid":{"rendered":"https:\/\/sp6wejherowo.pl\/?p=8355"},"modified":"2026-03-12T06:54:40","modified_gmt":"2026-03-12T06:54:40","slug":"vii-wojewodzki-konkurs-przyrodniczo-ekologiczny-z-przyroda-na-ty","status":"publish","type":"post","link":"https:\/\/sp6wejherowo.pl\/?p=8355","title":{"rendered":"VII Wojew\u00f3dzki Konkurs Przyrodniczo &#8211; Ekologiczny &#8222;Z przyrod\u0105 na Ty&#8221;"},"content":{"rendered":"<p><span style=\"font-size: 12pt;\">Serdecznie zapraszamy uczni\u00f3w klas trzecich szk\u00f3\u0142 podstawowych z wojew\u00f3dztwa pomorskiego do udzia\u0142u w VII Wojew\u00f3dzkim Konkursie Przyrodniczo-Ekologicznym Z przyrod\u0105 na Ty, kt\u00f3ry odb\u0119dzie si\u0119 21 maja 2026 r.<\/span><\/p>\n<p><span style=\"font-size: 12pt;\">Nasza szko\u0142a od wielu lat jest organizatorem tego wydarzenia, kt\u00f3rego celem jest rozwijanie zainteresowa\u0144 przyrodniczych i ekologicznych najm\u0142odszych uczni\u00f3w oraz promowanie postaw proekologicznych i troski o \u015brodowisko naturalne.<\/span><\/p>\n<p><span style=\"font-size: 12pt;\">Konkurs odbywa si\u0119 pod honorowym patronatem Pomorskiego Kuratora O\u015bwiaty.<\/span><br \/>\n<span style=\"font-size: 12pt;\">Szczeg\u00f3\u0142owe informacje dotycz\u0105ce konkursu znajduj\u0105 si\u0119 w za\u0142\u0105cznikach oraz na plakacie informacyjnym.<\/span><\/p>\n<p><span style=\"font-size: 12pt;\">W razie pyta\u0144 prosimy o kontakt:<\/span><br \/>\n<strong><span style=\"font-size: 12pt;\">konkursprzyrodniczysp6@gmail.com<\/span><\/strong><\/p>\n<p><span style=\"font-size: 12pt;\"><strong><span style=\"color: #ff0000;\"><a style=\"color: #ff0000;\" href=\"https:\/\/sp6wejherowo.pl\/wp-content\/uploads\/2026\/03\/REGULAMIN-ORGANIZACJI-VII-EDYCJI-WOJEWODZKIEGO-KONKURSU-PRZYRODNICZO-\u2013-EKOLOGICZNEGO-\u201e-Z-PRZYRODA-NA-TY.pdf\">REGULAMIN KONKURSU<\/a><\/span><\/strong><\/span><\/p>\n<p><span style=\"font-size: 12pt;\"><strong><span style=\"color: #ff0000;\"><a style=\"color: #ff0000;\" href=\"https:\/\/sp6wejherowo.pl\/wp-content\/uploads\/2026\/03\/Zalacznik-nr-1_karta-zgloszenia.pdf\">KARTA ZG\u0141OSZENIA<\/a><\/span><\/strong><\/span><\/p>\n<p><a href=\"https:\/\/sp6wejherowo.pl\/wp-content\/uploads\/2026\/03\/Zalaczniki-nr-2_3.pdf\"><strong><span style=\"color: #ff0000;\"><span style=\"font-size: 12pt;\">ZGODA NA UDZIA\u0141 W KONKURSIE<\/span><\/span><\/strong><\/a><\/p>\n<div class=\"wp-block-image\"><img loading=\"lazy\" decoding=\"async\" class=\"wpa-warning wpa-image-missing-alt alignnone  wp-image-8357\" src=\"https:\/\/sp6wejherowo.pl\/wp-content\/uploads\/2026\/03\/Plakat-informacyjny-212x300.jpg\" alt=\"\" width=\"542\" height=\"767\" data-warning=\"Missing alt text\" srcset=\"https:\/\/sp6wejherowo.pl\/wp-content\/uploads\/2026\/03\/Plakat-informacyjny-212x300.jpg 212w, https:\/\/sp6wejherowo.pl\/wp-content\/uploads\/2026\/03\/Plakat-informacyjny-724x1024.jpg 724w, https:\/\/sp6wejherowo.pl\/wp-content\/uploads\/2026\/03\/Plakat-informacyjny-768x1086.jpg 768w, https:\/\/sp6wejherowo.pl\/wp-content\/uploads\/2026\/03\/Plakat-informacyjny-1086x1536.jpg 1086w, https:\/\/sp6wejherowo.pl\/wp-content\/uploads\/2026\/03\/Plakat-informacyjny.jpg 1414w\" sizes=\"auto, (max-width: 542px) 100vw, 542px\" \/><\/div>\n","protected":false},"excerpt":{"rendered":"<p>Serdecznie zapraszamy uczni\u00f3w klas trzecich szk\u00f3\u0142 podstawowych z wojew\u00f3dztwa pomorskiego do udzia\u0142u w VII Wojew\u00f3dzkim Konkursie Przyrodniczo-Ekologicznym Z przyrod\u0105 na Ty, kt\u00f3ry odb\u0119dzie si\u0119 21 maja 2026 r. Nasza szko\u0142a od wielu lat jest organizatorem tego wydarzenia, kt\u00f3rego celem jest rozwijanie zainteresowa\u0144 przyrodniczych i ekologicznych najm\u0142odszych uczni\u00f3w oraz promowanie postaw proekologicznych i troski o \u015brodowisko&hellip;<\/p>\n","protected":false},"author":1,"featured_media":0,"comment_status":"closed","ping_status":"closed","sticky":false,"template":"","format":"standard","meta":{"ngg_post_thumbnail":0,"footnotes":"","_links_to":"","_links_to_target":""},"categories":[1],"tags":[],"class_list":["post-8355","post","type-post","status-publish","format-standard","hentry","category-uncategorized"],"_links":{"self":[{"href":"https:\/\/sp6wejherowo.pl\/index.php?rest_route=\/wp\/v2\/posts\/8355","targetHints":{"allow":["GET"]}}],"collection":[{"href":"https:\/\/sp6wejherowo.pl\/index.php?rest_route=\/wp\/v2\/posts"}],"about":[{"href":"https:\/\/sp6wejherowo.pl\/index.php?rest_route=\/wp\/v2\/types\/post"}],"author":[{"embeddable":true,"href":"https:\/\/sp6wejherowo.pl\/index.php?rest_route=\/wp\/v2\/users\/1"}],"replies":[{"embeddable":true,"href":"https:\/\/sp6wejherowo.pl\/index.php?rest_route=%2Fwp%2Fv2%2Fcomments&post=8355"}],"version-history":[{"count":7,"href":"https:\/\/sp6wejherowo.pl\/index.php?rest_route=\/wp\/v2\/posts\/8355\/revisions"}],"predecessor-version":[{"id":8366,"href":"https:\/\/sp6wejherowo.pl\/index.php?rest_route=\/wp\/v2\/posts\/8355\/revisions\/8366"}],"wp:attachment":[{"href":"https:\/\/sp6wejherowo.pl\/index.php?rest_route=%2Fwp%2Fv2%2Fmedia&parent=8355"}],"wp:term":[{"taxonomy":"category","embeddable":true,"href":"https:\/\/sp6wejherowo.pl\/index.php?rest_route=%2Fwp%2Fv2%2Fcategories&post=8355"},{"taxonomy":"post_tag","embeddable":true,"href":"https:\/\/sp6wejherowo.pl\/index.php?rest_route=%2Fwp%2Fv2%2Ftags&post=8355"}],"curies":[{"name":"wp","href":"https:\/\/api.w.org\/{rel}","templated":true}]}}