{"id":7996,"date":"2025-03-04T08:33:46","date_gmt":"2025-03-04T08:33:46","guid":{"rendered":"https:\/\/sp6wejherowo.pl\/?p=7996"},"modified":"2025-03-04T08:33:46","modified_gmt":"2025-03-04T08:33:46","slug":"vi-edycja-wojewodzkiego-konkursu-przyrodniczo-ekologicznego-z-przyroda-na-ty","status":"publish","type":"post","link":"https:\/\/sp6wejherowo.pl\/?p=7996","title":{"rendered":"VI Edycja Wojew\u00f3dzkiego Konkursu Przyrodniczo &#8211; Ekologicznego &#8222;Z przyrod\u0105 na Ty&#8221;"},"content":{"rendered":"<p><span style=\"font-size: 12pt;\">Z rado\u015bci\u0105 informujemy, \u017ce nasza szko\u0142a po raz kolejny pe\u0142ni rol\u0119 organizatora VI Edycji Wojew\u00f3dzkiego Konkursu Przyrodniczo-Ekologicznego Z przyrod\u0105 na Ty. Do udzia\u0142u zapraszamy uczni\u00f3w klas trzecich szk\u00f3\u0142 podstawowych wojew\u00f3dztwa pomorskiego, kt\u00f3rzy chc\u0105 poszerza\u0107 swoj\u0105 wiedz\u0119 o otaczaj\u0105cym \u015bwiecie i rozwija\u0107 \u015bwiadomo\u015b\u0107 ekologiczn\u0105.<\/span><\/p>\n<p><span style=\"font-size: 12pt;\">Konkurs odbywa si\u0119 pod honorowym patronatem Pomorskiego Kuratora O\u015bwiaty.<\/span><br \/>\n<span style=\"font-size: 12pt;\">Zach\u0119camy do zapoznania si\u0119 z regulaminem konkursu oraz plakatem informacyjnym, a tak\u017ce do pobrania niezb\u0119dnych za\u0142\u0105cznik\u00f3w, kt\u00f3re nale\u017cy wype\u0142ni\u0107 w celu zg\u0142oszenia uczestnictwa.<\/span><\/p>\n<p><em><strong><span style=\"font-size: 12pt;\">Zapraszamy do udzia\u0142u i \u017cyczymy powodzenia!<\/span><\/strong><\/em><\/p>\n<p><span style=\"font-size: 10pt;\"><strong>Pliki do pobrania<\/strong><\/span><\/p>\n<p><a href=\"https:\/\/sp6wejherowo.pl\/wp-content\/uploads\/2025\/03\/Regulamin-VI-Edycji-Konkursu-Z-przyroda-na-Ty.pdf\"><span style=\"font-size: 10pt;\">Regulamin konkursu<\/span><\/a><\/p>\n<p><a href=\"https:\/\/sp6wejherowo.pl\/wp-content\/uploads\/2025\/03\/Zalacznik-nr-1_karta-zgloszenia.pdf\"><span style=\"font-size: 10pt;\">Karta zg\u0142oszenia<\/span><\/a><\/p>\n<p><a href=\"https:\/\/sp6wejherowo.pl\/wp-content\/uploads\/2025\/03\/Zalacznik-nr-2-Zgoda-na-udzial.pdf\"><span style=\"font-size: 10pt;\">Zgoda na udzia\u0142<\/span><\/a><\/p>\n<p><a href=\"https:\/\/sp6wejherowo.pl\/wp-content\/uploads\/2025\/03\/Zalacznik-nr-3_zgoda-na-wykorzystanie-wizerunku.pdf\"><span style=\"font-size: 10pt;\">Zgoda na wykorzystanie wizerunku<\/span><\/a><\/p>\n","protected":false},"excerpt":{"rendered":"<p>Z rado\u015bci\u0105 informujemy, \u017ce nasza szko\u0142a po raz kolejny pe\u0142ni rol\u0119 organizatora VI Edycji Wojew\u00f3dzkiego Konkursu Przyrodniczo-Ekologicznego Z przyrod\u0105 na Ty. Do udzia\u0142u zapraszamy uczni\u00f3w klas trzecich szk\u00f3\u0142 podstawowych wojew\u00f3dztwa pomorskiego, kt\u00f3rzy chc\u0105 poszerza\u0107 swoj\u0105 wiedz\u0119 o otaczaj\u0105cym \u015bwiecie i rozwija\u0107 \u015bwiadomo\u015b\u0107 ekologiczn\u0105. Konkurs odbywa si\u0119 pod honorowym patronatem Pomorskiego Kuratora O\u015bwiaty. Zach\u0119camy do zapoznania&hellip;<\/p>\n","protected":false},"author":1,"featured_media":0,"comment_status":"closed","ping_status":"closed","sticky":false,"template":"","format":"standard","meta":{"ngg_post_thumbnail":0,"footnotes":"","_links_to":"","_links_to_target":""},"categories":[1],"tags":[],"class_list":["post-7996","post","type-post","status-publish","format-standard","hentry","category-uncategorized"],"_links":{"self":[{"href":"https:\/\/sp6wejherowo.pl\/index.php?rest_route=\/wp\/v2\/posts\/7996","targetHints":{"allow":["GET"]}}],"collection":[{"href":"https:\/\/sp6wejherowo.pl\/index.php?rest_route=\/wp\/v2\/posts"}],"about":[{"href":"https:\/\/sp6wejherowo.pl\/index.php?rest_route=\/wp\/v2\/types\/post"}],"author":[{"embeddable":true,"href":"https:\/\/sp6wejherowo.pl\/index.php?rest_route=\/wp\/v2\/users\/1"}],"replies":[{"embeddable":true,"href":"https:\/\/sp6wejherowo.pl\/index.php?rest_route=%2Fwp%2Fv2%2Fcomments&post=7996"}],"version-history":[{"count":1,"href":"https:\/\/sp6wejherowo.pl\/index.php?rest_route=\/wp\/v2\/posts\/7996\/revisions"}],"predecessor-version":[{"id":7997,"href":"https:\/\/sp6wejherowo.pl\/index.php?rest_route=\/wp\/v2\/posts\/7996\/revisions\/7997"}],"wp:attachment":[{"href":"https:\/\/sp6wejherowo.pl\/index.php?rest_route=%2Fwp%2Fv2%2Fmedia&parent=7996"}],"wp:term":[{"taxonomy":"category","embeddable":true,"href":"https:\/\/sp6wejherowo.pl\/index.php?rest_route=%2Fwp%2Fv2%2Fcategories&post=7996"},{"taxonomy":"post_tag","embeddable":true,"href":"https:\/\/sp6wejherowo.pl\/index.php?rest_route=%2Fwp%2Fv2%2Ftags&post=7996"}],"curies":[{"name":"wp","href":"https:\/\/api.w.org\/{rel}","templated":true}]}}