{"id":7793,"date":"2024-08-27T16:26:29","date_gmt":"2024-08-27T16:26:29","guid":{"rendered":"https:\/\/sp6wejherowo.pl\/?p=7793"},"modified":"2024-08-27T16:28:33","modified_gmt":"2024-08-27T16:28:33","slug":"harmonogram-rozpoczecia-roku-szkolnego-2024-2025","status":"publish","type":"post","link":"https:\/\/sp6wejherowo.pl\/?p=7793","title":{"rendered":"Harmonogram rozpocz\u0119cia roku szkolnego 2024\/2025"},"content":{"rendered":"<p style=\"text-align: center;\"><strong><span style=\"font-size: 14pt;\">Harmonogram rozpocz\u0119cia roku szkolnego 2024\/2025<\/span><\/strong><\/p>\n<hr>\n<p style=\"text-align: center;\">\n<strong><span style=\"font-size: 12pt;\">1.09.2024 r. (niedziela)<\/span><\/strong><br \/>\n<span style=\"font-size: 12pt;\">Msza \u015awi\u0119ta na rozpocz\u0119cie roku szkolnego 2024\/25 <\/span><\/p>\n<p style=\"text-align: center;\"><span style=\"font-size: 12pt;\">godz. 10.30 w Ko\u015bciele \u015aw. Anny<\/span><\/p>\n<hr>\n<p style=\"text-align: center;\">\n<strong><span style=\"font-size: 12pt;\">2.09.2024 r. (poniedzia\u0142ek)<\/span><\/strong><br \/>\n<span style=\"font-size: 12pt;\">Spotkania z wicedyrektorami i wychowawcami <\/span><\/p>\n<p style=\"text-align: center;\"><span style=\"font-size: 12pt;\">na parkingu przed hal\u0105 sportow\u0105 przy ulicy Wysokiej:<\/span><\/p>\n<p style=\"text-align: center;\">\n<span style=\"font-size: 12pt;\">Oddzia\u0142y przedszkolne Szko\u0142y Podstawowej nr 6 \u2014 godzina 10:00<\/span><br \/>\n<span style=\"font-size: 12pt;\">Klasy I Szko\u0142y Podstawowej nr 6 \u2014 godzina 11:00<\/span><br \/>\n<span style=\"font-size: 12pt;\">Klasy II i III Szko\u0142y Podstawowej nr 6 \u2014 godzina 8:30<\/span><br \/>\n<span style=\"font-size: 12pt;\">Klasy IV Szko\u0142y Podstawowej nr 6 \u2014 godzina 9:30<\/span><br \/>\n<span style=\"font-size: 12pt;\">Klasy V i VI Szko\u0142y Podstawowej nr 6 \u2014 godzina 9:00<\/span><br \/>\n<span style=\"font-size: 12pt;\">Klasy VII i VIII Szko\u0142y Podstawowej nr 6 \u2014 godzina 8:00<\/span><\/p>\n","protected":false},"excerpt":{"rendered":"<p>Harmonogram rozpocz\u0119cia roku szkolnego 2024\/2025 1.09.2024 r. (niedziela) Msza \u015awi\u0119ta na rozpocz\u0119cie roku szkolnego 2024\/25 godz. 10.30 w Ko\u015bciele \u015aw. Anny 2.09.2024 r. (poniedzia\u0142ek) Spotkania z wicedyrektorami i wychowawcami na parkingu przed hal\u0105 sportow\u0105 przy ulicy Wysokiej: Oddzia\u0142y przedszkolne Szko\u0142y Podstawowej nr 6 \u2014 godzina 10:00 Klasy I Szko\u0142y Podstawowej nr 6 \u2014 godzina 11:00&hellip;<\/p>\n","protected":false},"author":1,"featured_media":0,"comment_status":"closed","ping_status":"closed","sticky":false,"template":"","format":"standard","meta":{"ngg_post_thumbnail":0,"footnotes":"","_links_to":"","_links_to_target":""},"categories":[1],"tags":[],"class_list":["post-7793","post","type-post","status-publish","format-standard","hentry","category-uncategorized"],"_links":{"self":[{"href":"https:\/\/sp6wejherowo.pl\/index.php?rest_route=\/wp\/v2\/posts\/7793","targetHints":{"allow":["GET"]}}],"collection":[{"href":"https:\/\/sp6wejherowo.pl\/index.php?rest_route=\/wp\/v2\/posts"}],"about":[{"href":"https:\/\/sp6wejherowo.pl\/index.php?rest_route=\/wp\/v2\/types\/post"}],"author":[{"embeddable":true,"href":"https:\/\/sp6wejherowo.pl\/index.php?rest_route=\/wp\/v2\/users\/1"}],"replies":[{"embeddable":true,"href":"https:\/\/sp6wejherowo.pl\/index.php?rest_route=%2Fwp%2Fv2%2Fcomments&post=7793"}],"version-history":[{"count":3,"href":"https:\/\/sp6wejherowo.pl\/index.php?rest_route=\/wp\/v2\/posts\/7793\/revisions"}],"predecessor-version":[{"id":7796,"href":"https:\/\/sp6wejherowo.pl\/index.php?rest_route=\/wp\/v2\/posts\/7793\/revisions\/7796"}],"wp:attachment":[{"href":"https:\/\/sp6wejherowo.pl\/index.php?rest_route=%2Fwp%2Fv2%2Fmedia&parent=7793"}],"wp:term":[{"taxonomy":"category","embeddable":true,"href":"https:\/\/sp6wejherowo.pl\/index.php?rest_route=%2Fwp%2Fv2%2Fcategories&post=7793"},{"taxonomy":"post_tag","embeddable":true,"href":"https:\/\/sp6wejherowo.pl\/index.php?rest_route=%2Fwp%2Fv2%2Ftags&post=7793"}],"curies":[{"name":"wp","href":"https:\/\/api.w.org\/{rel}","templated":true}]}}