{"id":7775,"date":"2024-06-19T05:37:56","date_gmt":"2024-06-19T05:37:56","guid":{"rendered":"https:\/\/sp6wejherowo.pl\/?p=7775"},"modified":"2024-06-21T05:38:29","modified_gmt":"2024-06-21T05:38:29","slug":"harmonogram-zakonczenia-roku-szkolnego-2023-2024","status":"publish","type":"post","link":"https:\/\/sp6wejherowo.pl\/?p=7775","title":{"rendered":"Harmonogram zako\u0144czenia roku szkolnego 2023\/2024"},"content":{"rendered":"<p><span style=\"font-size: x-large;\"><u>20.06.2024r. czwartek<\/u><\/span><\/p>\n<p><span style=\"font-size: large;\">Klasy VIII &#8211; godz. 16.00 \u2013 Aula<\/span><\/p>\n<p><span style=\"font-family: Times New Roman, serif;\"><span style=\"font-size: large;\">Spotkanie z wychowawcami:<\/span><\/span><\/p>\n<p><span style=\"font-family: Times New Roman, serif;\"><span style=\"font-size: large;\">klasa VIIIa \u2013 sala 225<\/span><\/span><\/p>\n<p><span style=\"font-family: Times New Roman, serif;\"><span style=\"font-size: large;\">klasa VIIIb \u2013 sala 105<\/span><\/span><\/p>\n<p><span style=\"font-size: x-large;\"><u>21.06.2024 r. \u2013 pi\u0105tek<\/u><\/span><\/p>\n<p><span style=\"font-size: large;\">8.00 \u2013 msza \u015bwi\u0119ta w ko\u015bciele pw. \u015bw. Anny<\/span><\/p>\n<p><span style=\"font-size: large;\">9.00 \u2013 klasy III \u2013 aula, potem spotkanie z wychowawc\u0105:<\/span><\/p>\n<p><span style=\"font-size: large;\">klasa IIIa \u2013 sala 212<\/span><\/p>\n<p><span style=\"font-size: large;\">klasa IIIb \u2013 sala 211<\/span><\/p>\n<p><span style=\"font-size: large;\">klasa IIIc \u2013 sala 205<\/span><\/p>\n<p><span style=\"font-size: large;\">klasa IIId \u2013 sala 023<\/span><\/p>\n<p><span style=\"font-size: large;\">9.00 \u2013 klasy VI i VII \u2013 parking przy hali sportowej, potem spotkanie z wychowawc\u0105:<\/span><\/p>\n<p><span style=\"font-size: large;\">klasa VIa \u2013 sala 104<\/span><\/p>\n<p><span style=\"font-size: large;\">klasa VIb \u2013 sala K205<\/span><\/p>\n<p><span style=\"font-size: large;\">klasa VIc \u2013 sala 218<\/span><\/p>\n<p><span style=\"font-size: large;\">klasa VId \u2013 sala 224<\/span><\/p>\n<p><span style=\"font-size: large;\">klasa VIIa \u2013 sala 216<\/span><\/p>\n<p><span style=\"font-size: large;\">klasa VIIb \u2013 sala 131<\/span><\/p>\n<p><span style=\"font-size: large;\">klasa VIIc \u2013 sala 121<\/span><\/p>\n<p><span style=\"font-size: large;\">klasa VIId \u2013 sala 106<\/span><\/p>\n<p>&nbsp;<\/p>\n<p><span style=\"font-size: large;\">10.00 \u2013 klasy II i I \u2013 spotkanie z wychowawc\u0105 w salach:<\/span><\/p>\n<p><span style=\"font-size: large;\">klasa Ia \u2013 sala 103<\/span><\/p>\n<p><span style=\"font-size: large;\">klasa Ib \u2013 sala 003<\/span><\/p>\n<p><span style=\"font-size: large;\">klasa Ic \u2013 sala 105<\/span><\/p>\n<p><span style=\"font-size: large;\">klasa Id \u2013 sala 206<\/span><\/p>\n<p><span style=\"font-size: large;\">klasa IIa \u2013 sala 204<\/span><\/p>\n<p><span style=\"font-size: large;\">klasa IIb \u2013 sala 203<\/span><\/p>\n<p><span style=\"font-size: large;\">klasa IIc \u2013 sala 225<\/span><\/p>\n<p><span style=\"font-size: large;\">klasa IId \u2013 sala 121<\/span><\/p>\n<p>&nbsp;<\/p>\n<p><span style=\"font-size: large;\">10.00 \u2013 klasy IV i V \u2013 parking przy hali sportowej, potem spotkanie z wychowawc\u0105:<\/span><\/p>\n<p><span style=\"font-size: large;\">klasa IVa \u2013 sala 124<\/span><\/p>\n<p><span style=\"font-size: large;\">klasa IVb \u2013 sala 113<\/span><\/p>\n<p><span style=\"font-size: large;\">klasa IVc \u2013 sala 123<\/span><\/p>\n<p><span style=\"font-size: large;\">klasa IVd \u2013 sala 114<\/span><\/p>\n<p><span style=\"font-size: large;\">klasa Va \u2013 sala 112<\/span><\/p>\n<p><span style=\"font-size: large;\">klasa Vb \u2013 sala 038<\/span><\/p>\n<p><span style=\"font-size: large;\">klasa Vc \u2013 sala 223<\/span><\/p>\n<p><span style=\"font-size: large;\">klasa Vd \u2013 sala 131<\/span><\/p>\n<p>&nbsp;<\/p>\n<p><span style=\"font-size: large;\">11.00 \u2013 grupy przedszkolne- spotkanie z wychowawcami w salach:<\/span><\/p>\n<p><span style=\"font-size: large;\">grupa 0a \u2013 sala 022<\/span><\/p>\n<p><span style=\"font-size: large;\">grupa 0b \u2013 sala 023<\/span><\/p>\n<p><span style=\"font-size: large;\">grupa 0c \u2013 sala 004<\/span><\/p>\n","protected":false},"excerpt":{"rendered":"<p>20.06.2024r. czwartek Klasy VIII &#8211; godz. 16.00 \u2013 Aula Spotkanie z wychowawcami: klasa VIIIa \u2013 sala 225 klasa VIIIb \u2013 sala 105 21.06.2024 r. \u2013 pi\u0105tek 8.00 \u2013 msza \u015bwi\u0119ta w ko\u015bciele pw. \u015bw. Anny 9.00 \u2013 klasy III \u2013 aula, potem spotkanie z wychowawc\u0105: klasa IIIa \u2013 sala 212 klasa IIIb \u2013 sala 211&hellip;<\/p>\n","protected":false},"author":1,"featured_media":0,"comment_status":"closed","ping_status":"closed","sticky":false,"template":"","format":"standard","meta":{"ngg_post_thumbnail":0,"footnotes":"","_links_to":"","_links_to_target":""},"categories":[1],"tags":[],"class_list":["post-7775","post","type-post","status-publish","format-standard","hentry","category-uncategorized"],"_links":{"self":[{"href":"https:\/\/sp6wejherowo.pl\/index.php?rest_route=\/wp\/v2\/posts\/7775","targetHints":{"allow":["GET"]}}],"collection":[{"href":"https:\/\/sp6wejherowo.pl\/index.php?rest_route=\/wp\/v2\/posts"}],"about":[{"href":"https:\/\/sp6wejherowo.pl\/index.php?rest_route=\/wp\/v2\/types\/post"}],"author":[{"embeddable":true,"href":"https:\/\/sp6wejherowo.pl\/index.php?rest_route=\/wp\/v2\/users\/1"}],"replies":[{"embeddable":true,"href":"https:\/\/sp6wejherowo.pl\/index.php?rest_route=%2Fwp%2Fv2%2Fcomments&post=7775"}],"version-history":[{"count":1,"href":"https:\/\/sp6wejherowo.pl\/index.php?rest_route=\/wp\/v2\/posts\/7775\/revisions"}],"predecessor-version":[{"id":7776,"href":"https:\/\/sp6wejherowo.pl\/index.php?rest_route=\/wp\/v2\/posts\/7775\/revisions\/7776"}],"wp:attachment":[{"href":"https:\/\/sp6wejherowo.pl\/index.php?rest_route=%2Fwp%2Fv2%2Fmedia&parent=7775"}],"wp:term":[{"taxonomy":"category","embeddable":true,"href":"https:\/\/sp6wejherowo.pl\/index.php?rest_route=%2Fwp%2Fv2%2Fcategories&post=7775"},{"taxonomy":"post_tag","embeddable":true,"href":"https:\/\/sp6wejherowo.pl\/index.php?rest_route=%2Fwp%2Fv2%2Ftags&post=7775"}],"curies":[{"name":"wp","href":"https:\/\/api.w.org\/{rel}","templated":true}]}}