{"id":7752,"date":"2024-05-09T14:33:09","date_gmt":"2024-05-09T14:33:09","guid":{"rendered":"https:\/\/sp6wejherowo.pl\/?p=7752"},"modified":"2024-05-09T14:33:09","modified_gmt":"2024-05-09T14:33:09","slug":"wyniki-eliminacji-do-v-edycji-konkursu-wojewodzkiego-z-przyroda-na-ty","status":"publish","type":"post","link":"https:\/\/sp6wejherowo.pl\/?p=7752","title":{"rendered":"Wyniki eliminacji do V Edycji Konkursu wojew\u00f3dzkiego &#8222;Z PRZYROD\u0104 NA TY&#8221;"},"content":{"rendered":"<p style=\"text-align: center;\"><span style=\"font-size: 12pt;\">Z rado\u015bci\u0105 informujemy, \u017ce komisja konkursowa wy\u0142oni\u0142a finalist\u00f3w<\/span><\/p>\n<p style=\"text-align: center;\"><span style=\"font-size: 12pt;\"> V Edycji Wojew\u00f3dzkiego Konkursu Przyrodniczo &#8211; Ekologicznego &#8222;Z przyrod\u0105 na Ty&#8221;,<\/span><\/p>\n<p style=\"text-align: center;\"><span style=\"font-size: 12pt;\"> kt\u00f3rego organizatorem jest nasza szko\u0142a. <\/span><\/p>\n<p style=\"text-align: center;\"><span style=\"font-size: 12pt;\">Wyniki zosta\u0142y umieszczone w prezentacji. Zapraszamy do jej obejrzenia. Gratulujemy finalistom!<\/span><\/p>\n<p style=\"text-align: center;\"><span style=\"font-size: 12pt;\">Konkurs odbywa si\u0119 pod honorowym patronatem Prezydenta Miasta Wejherowa<\/span><\/p>\n<p style=\"text-align: center;\"><span style=\"font-size: 12pt;\">Fina\u0142 konkursu <strong>23 maja<\/strong>, o godzinie <strong>12.00<\/strong><\/span><\/p>\n<p style=\"text-align: center;\"><span style=\"color: #ff9900;\"><a style=\"color: #ff9900;\" href=\"https:\/\/www.youtube.com\/watch?v=0CR-RF1HabM\"><strong><span style=\"font-size: 12pt;\">[ZOBACZ WYNIKI]<\/span><\/strong><\/a><\/span><\/p>\n","protected":false},"excerpt":{"rendered":"<p>Z rado\u015bci\u0105 informujemy, \u017ce komisja konkursowa wy\u0142oni\u0142a finalist\u00f3w V Edycji Wojew\u00f3dzkiego Konkursu Przyrodniczo &#8211; Ekologicznego &#8222;Z przyrod\u0105 na Ty&#8221;, kt\u00f3rego organizatorem jest nasza szko\u0142a. Wyniki zosta\u0142y umieszczone w prezentacji. Zapraszamy do jej obejrzenia. Gratulujemy finalistom! Konkurs odbywa si\u0119 pod honorowym patronatem Prezydenta Miasta Wejherowa Fina\u0142 konkursu 23 maja, o godzinie 12.00 [ZOBACZ WYNIKI]<\/p>\n","protected":false},"author":1,"featured_media":0,"comment_status":"closed","ping_status":"closed","sticky":false,"template":"","format":"standard","meta":{"ngg_post_thumbnail":0,"footnotes":"","_links_to":"","_links_to_target":""},"categories":[1],"tags":[],"class_list":["post-7752","post","type-post","status-publish","format-standard","hentry","category-uncategorized"],"_links":{"self":[{"href":"https:\/\/sp6wejherowo.pl\/index.php?rest_route=\/wp\/v2\/posts\/7752","targetHints":{"allow":["GET"]}}],"collection":[{"href":"https:\/\/sp6wejherowo.pl\/index.php?rest_route=\/wp\/v2\/posts"}],"about":[{"href":"https:\/\/sp6wejherowo.pl\/index.php?rest_route=\/wp\/v2\/types\/post"}],"author":[{"embeddable":true,"href":"https:\/\/sp6wejherowo.pl\/index.php?rest_route=\/wp\/v2\/users\/1"}],"replies":[{"embeddable":true,"href":"https:\/\/sp6wejherowo.pl\/index.php?rest_route=%2Fwp%2Fv2%2Fcomments&post=7752"}],"version-history":[{"count":1,"href":"https:\/\/sp6wejherowo.pl\/index.php?rest_route=\/wp\/v2\/posts\/7752\/revisions"}],"predecessor-version":[{"id":7753,"href":"https:\/\/sp6wejherowo.pl\/index.php?rest_route=\/wp\/v2\/posts\/7752\/revisions\/7753"}],"wp:attachment":[{"href":"https:\/\/sp6wejherowo.pl\/index.php?rest_route=%2Fwp%2Fv2%2Fmedia&parent=7752"}],"wp:term":[{"taxonomy":"category","embeddable":true,"href":"https:\/\/sp6wejherowo.pl\/index.php?rest_route=%2Fwp%2Fv2%2Fcategories&post=7752"},{"taxonomy":"post_tag","embeddable":true,"href":"https:\/\/sp6wejherowo.pl\/index.php?rest_route=%2Fwp%2Fv2%2Ftags&post=7752"}],"curies":[{"name":"wp","href":"https:\/\/api.w.org\/{rel}","templated":true}]}}